{"id":60,"count":7,"description":"PHARES DE ROUTE FEREI\n\nCON\u00c7US POUR LES MOTARDS NOCTURNES. \u00c9QUIP\u00c9S D\u2019UN SYST\u00c8ME DE CONTR\u00d4LE THERMIQUE INTELLIGENT ET D\u2019UN SYST\u00c8ME D\u2019\u00c9CLAIRAGE LAT\u00c9RAL BREVET\u00c9 POUR UN MAXIMUM DE LUMINOSIT\u00c9, DE S\u00c9CURIT\u00c9 ET DE DURABILIT\u00c9.\r\n\r\nS'INT\u00c8GRENT PARFAITEMENT AUX COMMANDES D'ORIGINE DE VOTRE MOTO. PRENEZ LE CONTR\u00d4LE GR\u00c2CE \u00c0 LA **T\u00c9L\u00c9COMMANDE SANS FIL FOURNIE.\n\nADAPTABLES. FIABLES. PR\u00caTS \u00c0 AFFRONTER TOUTES LES ROUTES.","link":"https:\/\/www.fereilighting.com\/fr\/product_category\/motocycle\/","name":"Moto","slug":"motocycle","taxonomy":"product_category","parent":49,"meta":[],"acf":[],"_links":{"self":[{"href":"https:\/\/www.fereilighting.com\/fr\/wp-json\/wp\/v2\/product_category\/60","targetHints":{"allow":["GET"]}}],"collection":[{"href":"https:\/\/www.fereilighting.com\/fr\/wp-json\/wp\/v2\/product_category"}],"about":[{"href":"https:\/\/www.fereilighting.com\/fr\/wp-json\/wp\/v2\/taxonomies\/product_category"}],"up":[{"embeddable":true,"href":"https:\/\/www.fereilighting.com\/fr\/wp-json\/wp\/v2\/product_category\/49"}],"wp:post_type":[{"href":"https:\/\/www.fereilighting.com\/fr\/wp-json\/wp\/v2\/product?product_category=60"}],"curies":[{"name":"wp","href":"https:\/\/api.w.org\/{rel}","templated":true}]}}